{"id":751,"date":"2021-11-30T12:33:55","date_gmt":"2021-11-30T11:33:55","guid":{"rendered":"https:\/\/permapunk.be\/?p=751"},"modified":"2021-11-30T12:33:56","modified_gmt":"2021-11-30T11:33:56","slug":"de-nouveaux-proteges-au-verger","status":"publish","type":"post","link":"https:\/\/permapunk.be\/index.php\/2021\/11\/30\/de-nouveaux-proteges-au-verger\/","title":{"rendered":"De nouveaux prot\u00e9g\u00e9s au verger"},"content":{"rendered":"\n<p> Il y a une dizaine de jours, nous avons pr\u00e9par\u00e9 le terrain, creus\u00e9 les trous accueillant les arbres, et mont\u00e9 les cagettes en treillis servant \u00e0 prot\u00e9ger leurs racines des rongeurs.<\/p>\n\n\n\n<p>Ce week-end, les camarades plant\u00e9s l\u2019ann\u00e9e derni\u00e8re ont ainsi \u00e9t\u00e9 rejoints par un cerisier, un pommier, un poirier, un mirabellier, un prunier, deux cognassiers et un n\u00e9flier.<\/p>\n\n\n\n<p>Terreau et compost de WC sec de 3 ans d&rsquo;\u00e2ge ont \u00e9t\u00e9 rajout\u00e9s pour favoriser l\u2019enracinement. Apr\u00e8s avoir paill\u00e9 la surface, une protection-treillis circulaire suppl\u00e9mentaire a \u00e9t\u00e9 fix\u00e9e, renforc\u00e9e par des branches de prunellier, afin d\u2019emp\u00eacher le gibier d\u2019acc\u00e9der \u00e0 de potentielles gourmandises\u2026<\/p>\n\n\n\n<p>Travail au grand air, sensation de participer \u00e0 l\u2019enrichissement de la biodiversit\u00e9, perspective de r\u00e9colter \u00e0 moyen terme les fruits de notre labeur, sans oublier la s\u00e9ance bien soutenue de musculation : voil\u00e0 de quoi nous sentir satisfaits et optimistes ! <img loading=\"lazy\" decoding=\"async\" width=\"16\" height=\"16\" alt=\"\ud83d\ude0e\" src=\"https:\/\/static.xx.fbcdn.net\/images\/emoji.php\/v9\/tdc\/1.5\/16\/1f60e.png\"><img loading=\"lazy\" decoding=\"async\" width=\"16\" height=\"16\" alt=\"\ud83d\udcaa\" src=\"https:\/\/static.xx.fbcdn.net\/images\/emoji.php\/v9\/tc5\/1.5\/16\/1f4aa.png\"> <\/p>\n\n\n\n<p>Et ce malgr\u00e9 quelques courbatures\u2026 \ud83d\ude09<\/p>\n\n\n\n<figure class=\"wp-block-image size-full is-resized is-style-default\"><img loading=\"lazy\" decoding=\"async\" src=\"https:\/\/permapunk.be\/wp-content\/uploads\/2021\/11\/Verger3.jpg\" alt=\"\" class=\"wp-image-752\" width=\"621\" height=\"466\" srcset=\"https:\/\/permapunk.be\/wp-content\/uploads\/2021\/11\/Verger3.jpg 828w, https:\/\/permapunk.be\/wp-content\/uploads\/2021\/11\/Verger3-350x263.jpg 350w, https:\/\/permapunk.be\/wp-content\/uploads\/2021\/11\/Verger3-300x225.jpg 300w, https:\/\/permapunk.be\/wp-content\/uploads\/2021\/11\/Verger3-768x576.jpg 768w\" sizes=\"auto, (max-width: 621px) 100vw, 621px\" \/><\/figure>\n","protected":false},"excerpt":{"rendered":"<p>Il y a une dizaine de jours, nous avons pr\u00e9par\u00e9 le terrain, creus\u00e9 les trous accueillant les arbres, et mont\u00e9 les cagettes en treillis servant \u00e0 prot\u00e9ger leurs racines des rongeurs. Ce week-end, les camarades plant\u00e9s l\u2019ann\u00e9e derni\u00e8re ont ainsi \u00e9t\u00e9 rejoints par un cerisier, un pommier, un poirier, un mirabellier, un prunier, deux cognassiers &hellip; <\/p>\n<p class=\"link-more\"><a href=\"https:\/\/permapunk.be\/index.php\/2021\/11\/30\/de-nouveaux-proteges-au-verger\/\" class=\"more-link\">Continuer la lecture<span class=\"screen-reader-text\"> de &laquo;&nbsp;De nouveaux prot\u00e9g\u00e9s au verger&nbsp;&raquo;<\/span><\/a><\/p>\n","protected":false},"author":4,"featured_media":0,"comment_status":"closed","ping_status":"closed","sticky":false,"template":"","format":"standard","meta":{"footnotes":""},"categories":[5],"tags":[],"class_list":["post-751","post","type-post","status-publish","format-standard","hentry","category-infos"],"_links":{"self":[{"href":"https:\/\/permapunk.be\/index.php\/wp-json\/wp\/v2\/posts\/751","targetHints":{"allow":["GET"]}}],"collection":[{"href":"https:\/\/permapunk.be\/index.php\/wp-json\/wp\/v2\/posts"}],"about":[{"href":"https:\/\/permapunk.be\/index.php\/wp-json\/wp\/v2\/types\/post"}],"author":[{"embeddable":true,"href":"https:\/\/permapunk.be\/index.php\/wp-json\/wp\/v2\/users\/4"}],"replies":[{"embeddable":true,"href":"https:\/\/permapunk.be\/index.php\/wp-json\/wp\/v2\/comments?post=751"}],"version-history":[{"count":1,"href":"https:\/\/permapunk.be\/index.php\/wp-json\/wp\/v2\/posts\/751\/revisions"}],"predecessor-version":[{"id":753,"href":"https:\/\/permapunk.be\/index.php\/wp-json\/wp\/v2\/posts\/751\/revisions\/753"}],"wp:attachment":[{"href":"https:\/\/permapunk.be\/index.php\/wp-json\/wp\/v2\/media?parent=751"}],"wp:term":[{"taxonomy":"category","embeddable":true,"href":"https:\/\/permapunk.be\/index.php\/wp-json\/wp\/v2\/categories?post=751"},{"taxonomy":"post_tag","embeddable":true,"href":"https:\/\/permapunk.be\/index.php\/wp-json\/wp\/v2\/tags?post=751"}],"curies":[{"name":"wp","href":"https:\/\/api.w.org\/{rel}","templated":true}]}}